{"id":3455,"date":"2026-04-28T00:51:04","date_gmt":"2026-04-27T22:51:04","guid":{"rendered":"https:\/\/v-o-c.de\/?p=3455"},"modified":"2026-04-28T21:46:02","modified_gmt":"2026-04-28T19:46:02","slug":"chorfest-des-bayerischen-saengerbunds","status":"publish","type":"post","link":"https:\/\/v-o-c.de\/index.php\/2026\/04\/28\/chorfest-des-bayerischen-saengerbunds\/","title":{"rendered":"Chorfest des Bayerischen S\u00e4ngerbunds"},"content":{"rendered":"\n<p>Vom 12. &#8211; 14. Juni setzt der Bayerische S\u00e4ngerbund seine Tradition der Chorfeste fort. <br>Zentraler Tag ist dabei der&nbsp;<strong>Samstag, 13. Juni<\/strong>. An diesem Tag verwandeln zahlreiche Ch\u00f6re die Altstadt am Vormittag in eine singende Meile und gestalten am Nachmittag Konzerte in Kirchen und S\u00e4len. Diese Veranstaltungen sind f\u00fcr alle zug\u00e4nglich und eintrittsfrei.<\/p>\n\n\n\n<div style=\"height:35px\" aria-hidden=\"true\" class=\"wp-block-spacer\"><\/div>\n\n\n\n<p>Der Abend steht dann mit Konzerten dreier hochkar\u00e4tiger Ensembles aus den Reihen des Bayerischen S\u00e4ngerbundes ganz im Zeichen des H\u00f6rgenusses:<br><br><strong>Um 20 Uhr&nbsp;<\/strong>laden die <a href=\"https:\/\/domspatzen.de\/\" target=\"_blank\" rel=\"noreferrer noopener\"><strong>Regensburger Domspatzen<\/strong><\/a>&nbsp;zu einem Konzert unter der Leitung von Domkapellmeister Christian Hei\u00df in die Dominikanerkirche ein.&nbsp;<a href=\"https:\/\/okticket.de\/tickets-regensburger-domspatzen-durchs-licht-zum-frieden-regensburg-dominikanerkirche-st-blasius-2026-06-13-e57792?startReset=ON&amp;dl=ON\"><strong>Tickets Domspatzen<\/strong>.<\/a><\/p>\n\n\n\n<figure class=\"wp-block-image size-full is-resized\"><img fetchpriority=\"high\" decoding=\"async\" width=\"679\" height=\"480\" src=\"https:\/\/v-o-c.de\/wp-content\/uploads\/2026\/04\/Domspatzen_Chorfest-Logo_Version1-Small-2.jpg\" alt=\"\" class=\"wp-image-3463\" style=\"width:533px;height:auto\" srcset=\"https:\/\/v-o-c.de\/wp-content\/uploads\/2026\/04\/Domspatzen_Chorfest-Logo_Version1-Small-2.jpg 679w, https:\/\/v-o-c.de\/wp-content\/uploads\/2026\/04\/Domspatzen_Chorfest-Logo_Version1-Small-2-300x212.jpg 300w\" sizes=\"(max-width: 679px) 100vw, 679px\" \/><\/figure>\n\n\n\n<p>Freunde eher jazziger und poppiger Kl\u00e4nge k\u00f6nnen, ebenfalls&nbsp;<strong>um 20 Uhr<\/strong>, im Kolpinghaus ein Konzert des M\u00fcnchner Chors&nbsp;<strong><a href=\"https:\/\/www.ostbahngroove.de\/\" target=\"_blank\" rel=\"noreferrer noopener\">OstBahnGroove<\/a>&nbsp;<\/strong>(Leitung: Agnes Ha\u00dfler) genie\u00dfen.&nbsp;<a href=\"https:\/\/okticket.de\/tickets-ostbahngroove-regensburg-kolpinghaus-2026-06-13-e57793?startReset=ON&amp;dl=ON\"><strong>Tickets OstBahnGroove<\/strong>.<\/a><\/p>\n\n\n\n<figure class=\"wp-block-image size-large is-resized\"><img decoding=\"async\" width=\"1024\" height=\"691\" src=\"https:\/\/v-o-c.de\/wp-content\/uploads\/2026\/04\/OBG-Gruppenfoto_mit-Chorfestlogo-1024x691.jpeg\" alt=\"\" class=\"wp-image-3464\" style=\"width:547px;height:auto\" srcset=\"https:\/\/v-o-c.de\/wp-content\/uploads\/2026\/04\/OBG-Gruppenfoto_mit-Chorfestlogo-1024x691.jpeg 1024w, https:\/\/v-o-c.de\/wp-content\/uploads\/2026\/04\/OBG-Gruppenfoto_mit-Chorfestlogo-300x202.jpeg 300w, https:\/\/v-o-c.de\/wp-content\/uploads\/2026\/04\/OBG-Gruppenfoto_mit-Chorfestlogo-768x518.jpeg 768w, https:\/\/v-o-c.de\/wp-content\/uploads\/2026\/04\/OBG-Gruppenfoto_mit-Chorfestlogo-1536x1036.jpeg 1536w, https:\/\/v-o-c.de\/wp-content\/uploads\/2026\/04\/OBG-Gruppenfoto_mit-Chorfestlogo-2048x1381.jpeg 2048w\" sizes=\"(max-width: 1024px) 100vw, 1024px\" \/><\/figure>\n\n\n\n<p>Den leisen Abschluss des Tages bildet um&nbsp;<strong>22.30 Uhr<\/strong>&nbsp;ein Nachtkonzert in der Dominikanerkirche mit&nbsp;<a href=\"https:\/\/www.singerpur.de\/\" target=\"_blank\" rel=\"noreferrer noopener\"><strong>SINGER PUR<\/strong><\/a>&nbsp;unter dem Titel \u201e Ein Brausen vom Himmel\u201c mit vollendeter Vokalmusik von Palestrina und P\u00e4rt.&nbsp;<a href=\"https:\/\/okticket.de\/tickets-singer-pur-ein-brausen-vom-himmel-regensburg-dominikanerkirche-st-blasius-2026-06-13-e57830?startReset=ON&amp;dl=ON\"><strong>Tickets SINGER PUR<\/strong><\/a>.<\/p>\n\n\n\n<figure class=\"wp-block-image size-full is-resized\"><img decoding=\"async\" width=\"877\" height=\"620\" src=\"https:\/\/v-o-c.de\/wp-content\/uploads\/2026\/04\/SingerPur_Chorfest-Logov2.jpg\" alt=\"\" class=\"wp-image-3466\" style=\"aspect-ratio:1.4145405443820624;width:541px;height:auto\" srcset=\"https:\/\/v-o-c.de\/wp-content\/uploads\/2026\/04\/SingerPur_Chorfest-Logov2.jpg 877w, https:\/\/v-o-c.de\/wp-content\/uploads\/2026\/04\/SingerPur_Chorfest-Logov2-300x212.jpg 300w, https:\/\/v-o-c.de\/wp-content\/uploads\/2026\/04\/SingerPur_Chorfest-Logov2-768x543.jpg 768w\" sizes=\"(max-width: 877px) 100vw, 877px\" \/><\/figure>\n\n\n\n<p><br><br><strong>Eintrittskarten f\u00fcr diese drei Konzerte gibt es bei\u00a0<\/strong><a href=\"https:\/\/okticket.de\/tickets-bsb-chorfest-regensburg-g519?startReset=ON&amp;dl=ON\" target=\"_blank\" rel=\"noreferrer noopener\"><strong>OKTicket<\/strong><\/a><strong>\u200b\u200b\u200b\u200b\u200b\u200b\u200b.<\/strong><\/p>\n","protected":false},"excerpt":{"rendered":"<div class=\"mh-excerpt\"><p>Vom 12. &#8211; 14. Juni setzt der Bayerische S\u00e4ngerbund seine Tradition der Chorfeste fort. Zentraler Tag ist dabei der&nbsp;Samstag, 13. Juni. An diesem Tag verwandeln <a class=\"mh-excerpt-more\" href=\"https:\/\/v-o-c.de\/index.php\/2026\/04\/28\/chorfest-des-bayerischen-saengerbunds\/\" title=\"Chorfest des Bayerischen S\u00e4ngerbunds\">[&#8230;]<\/a><\/p>\n<\/div>","protected":false},"author":2,"featured_media":3456,"comment_status":"closed","ping_status":"closed","sticky":false,"template":"","format":"standard","meta":{"_price":"","_stock":"","_tribe_ticket_header":"","_tribe_default_ticket_provider":"","_tribe_ticket_capacity":"0","_ticket_start_date":"","_ticket_end_date":"","_tribe_ticket_show_description":"","_tribe_ticket_show_not_going":false,"_tribe_ticket_use_global_stock":"","_tribe_ticket_global_stock_level":"","_global_stock_mode":"","_global_stock_cap":"","_tribe_rsvp_for_event":"","_tribe_ticket_going_count":"","_tribe_ticket_not_going_count":"","_tribe_tickets_list":"[]","_tribe_ticket_has_attendee_info_fields":false,"_EventAllDay":false,"_EventTimezone":"","_EventStartDate":"","_EventEndDate":"","_EventStartDateUTC":"","_EventEndDateUTC":"","_EventShowMap":false,"_EventShowMapLink":false,"_EventURL":"","_EventCost":"","_EventCostDescription":"","_EventCurrencySymbol":"","_EventCurrencyCode":"","_EventCurrencyPosition":"","_EventDateTimeSeparator":"","_EventTimeRangeSeparator":"","_EventOrganizerID":[],"_EventVenueID":[],"_OrganizerEmail":"","_OrganizerPhone":"","_OrganizerWebsite":"","_VenueAddress":"","_VenueCity":"","_VenueCountry":"","_VenueProvince":"","_VenueState":"","_VenueZip":"","_VenuePhone":"","_VenueURL":"","_VenueStateProvince":"","_VenueLat":"","_VenueLng":"","_VenueShowMap":false,"_VenueShowMapLink":false,"footnotes":"","_tec_slr_enabled":"","_tec_slr_layout":""},"categories":[20,8],"tags":[216,15,209,11,218,16,219,63,14],"class_list":["post-3455","post","type-post","status-publish","format-standard","has-post-thumbnail","hentry","category-k_startseite","category-szenenews","tag-chorfest-regensburg","tag-gesang","tag-ostbahngroove","tag-regensburg","tag-regensburger-domspatzen","tag-singen","tag-singer-pur","tag-verband-oberpfaelzer-choere","tag-vokal"],"yoast_head":"<!-- This site is optimized with the Yoast SEO plugin v27.5 - https:\/\/yoast.com\/product\/yoast-seo-wordpress\/ -->\n<title>Chorfest des Bayerischen S\u00e4ngerbunds - Verband Oberpf\u00e4lzer Ch\u00f6re<\/title>\n<meta name=\"robots\" content=\"index, follow, max-snippet:-1, max-image-preview:large, max-video-preview:-1\" \/>\n<link rel=\"canonical\" href=\"https:\/\/v-o-c.de\/index.php\/2026\/04\/28\/chorfest-des-bayerischen-saengerbunds\/\" \/>\n<meta property=\"og:locale\" content=\"de_DE\" \/>\n<meta property=\"og:type\" content=\"article\" \/>\n<meta property=\"og:title\" content=\"Chorfest des Bayerischen S\u00e4ngerbunds - Verband Oberpf\u00e4lzer Ch\u00f6re\" \/>\n<meta property=\"og:description\" content=\"Vom 12. &#8211; 14. Juni setzt der Bayerische S\u00e4ngerbund seine Tradition der Chorfeste fort. Zentraler Tag ist dabei der&nbsp;Samstag, 13. Juni. An diesem Tag verwandeln [...]\" \/>\n<meta property=\"og:url\" content=\"https:\/\/v-o-c.de\/index.php\/2026\/04\/28\/chorfest-des-bayerischen-saengerbunds\/\" \/>\n<meta property=\"og:site_name\" content=\"Verband Oberpf\u00e4lzer Ch\u00f6re\" \/>\n<meta property=\"article:published_time\" content=\"2026-04-27T22:51:04+00:00\" \/>\n<meta property=\"article:modified_time\" content=\"2026-04-28T19:46:02+00:00\" \/>\n<meta property=\"og:image\" content=\"https:\/\/v-o-c.de\/wp-content\/uploads\/2026\/04\/bsb-chorfest.jpg\" \/>\n\t<meta property=\"og:image:width\" content=\"724\" \/>\n\t<meta property=\"og:image:height\" content=\"499\" \/>\n\t<meta property=\"og:image:type\" content=\"image\/jpeg\" \/>\n<meta name=\"author\" content=\"Jens Falck\" \/>\n<meta name=\"twitter:card\" content=\"summary_large_image\" \/>\n<meta name=\"twitter:label1\" content=\"Verfasst von\" \/>\n\t<meta name=\"twitter:data1\" content=\"Jens Falck\" \/>\n\t<meta name=\"twitter:label2\" content=\"Gesch\u00e4tzte Lesezeit\" \/>\n\t<meta name=\"twitter:data2\" content=\"2\u00a0Minuten\" \/>\n<script type=\"application\/ld+json\" class=\"yoast-schema-graph\">{\"@context\":\"https:\\\/\\\/schema.org\",\"@graph\":[{\"@type\":\"Article\",\"@id\":\"https:\\\/\\\/v-o-c.de\\\/index.php\\\/2026\\\/04\\\/28\\\/chorfest-des-bayerischen-saengerbunds\\\/#article\",\"isPartOf\":{\"@id\":\"https:\\\/\\\/v-o-c.de\\\/index.php\\\/2026\\\/04\\\/28\\\/chorfest-des-bayerischen-saengerbunds\\\/\"},\"author\":{\"name\":\"Jens Falck\",\"@id\":\"https:\\\/\\\/v-o-c.de\\\/#\\\/schema\\\/person\\\/a04b1073d004b38a8d71d0d8a47f6062\"},\"headline\":\"Chorfest des Bayerischen S\u00e4ngerbunds\",\"datePublished\":\"2026-04-27T22:51:04+00:00\",\"dateModified\":\"2026-04-28T19:46:02+00:00\",\"mainEntityOfPage\":{\"@id\":\"https:\\\/\\\/v-o-c.de\\\/index.php\\\/2026\\\/04\\\/28\\\/chorfest-des-bayerischen-saengerbunds\\\/\"},\"wordCount\":191,\"publisher\":{\"@id\":\"https:\\\/\\\/v-o-c.de\\\/#organization\"},\"image\":{\"@id\":\"https:\\\/\\\/v-o-c.de\\\/index.php\\\/2026\\\/04\\\/28\\\/chorfest-des-bayerischen-saengerbunds\\\/#primaryimage\"},\"thumbnailUrl\":\"https:\\\/\\\/v-o-c.de\\\/wp-content\\\/uploads\\\/2026\\\/04\\\/bsb-chorfest.jpg\",\"keywords\":[\"CHorfest Regensburg\",\"Gesang\",\"OstBahnGroove\",\"Regensburg\",\"Regensburger Domspatzen\",\"singen\",\"Singer Pur\",\"Verband Oberpf\u00e4lzer Ch\u00f6re\",\"Vokal\"],\"articleSection\":[\"k_startseite\",\"k_szenenews\"],\"inLanguage\":\"de\"},{\"@type\":\"WebPage\",\"@id\":\"https:\\\/\\\/v-o-c.de\\\/index.php\\\/2026\\\/04\\\/28\\\/chorfest-des-bayerischen-saengerbunds\\\/\",\"url\":\"https:\\\/\\\/v-o-c.de\\\/index.php\\\/2026\\\/04\\\/28\\\/chorfest-des-bayerischen-saengerbunds\\\/\",\"name\":\"Chorfest des Bayerischen S\u00e4ngerbunds - Verband Oberpf\u00e4lzer Ch\u00f6re\",\"isPartOf\":{\"@id\":\"https:\\\/\\\/v-o-c.de\\\/#website\"},\"primaryImageOfPage\":{\"@id\":\"https:\\\/\\\/v-o-c.de\\\/index.php\\\/2026\\\/04\\\/28\\\/chorfest-des-bayerischen-saengerbunds\\\/#primaryimage\"},\"image\":{\"@id\":\"https:\\\/\\\/v-o-c.de\\\/index.php\\\/2026\\\/04\\\/28\\\/chorfest-des-bayerischen-saengerbunds\\\/#primaryimage\"},\"thumbnailUrl\":\"https:\\\/\\\/v-o-c.de\\\/wp-content\\\/uploads\\\/2026\\\/04\\\/bsb-chorfest.jpg\",\"datePublished\":\"2026-04-27T22:51:04+00:00\",\"dateModified\":\"2026-04-28T19:46:02+00:00\",\"breadcrumb\":{\"@id\":\"https:\\\/\\\/v-o-c.de\\\/index.php\\\/2026\\\/04\\\/28\\\/chorfest-des-bayerischen-saengerbunds\\\/#breadcrumb\"},\"inLanguage\":\"de\",\"potentialAction\":[{\"@type\":\"ReadAction\",\"target\":[\"https:\\\/\\\/v-o-c.de\\\/index.php\\\/2026\\\/04\\\/28\\\/chorfest-des-bayerischen-saengerbunds\\\/\"]}]},{\"@type\":\"ImageObject\",\"inLanguage\":\"de\",\"@id\":\"https:\\\/\\\/v-o-c.de\\\/index.php\\\/2026\\\/04\\\/28\\\/chorfest-des-bayerischen-saengerbunds\\\/#primaryimage\",\"url\":\"https:\\\/\\\/v-o-c.de\\\/wp-content\\\/uploads\\\/2026\\\/04\\\/bsb-chorfest.jpg\",\"contentUrl\":\"https:\\\/\\\/v-o-c.de\\\/wp-content\\\/uploads\\\/2026\\\/04\\\/bsb-chorfest.jpg\",\"width\":724,\"height\":499},{\"@type\":\"BreadcrumbList\",\"@id\":\"https:\\\/\\\/v-o-c.de\\\/index.php\\\/2026\\\/04\\\/28\\\/chorfest-des-bayerischen-saengerbunds\\\/#breadcrumb\",\"itemListElement\":[{\"@type\":\"ListItem\",\"position\":1,\"name\":\"Startseite\",\"item\":\"https:\\\/\\\/v-o-c.de\\\/\"},{\"@type\":\"ListItem\",\"position\":2,\"name\":\"Chorfest des Bayerischen S\u00e4ngerbunds\"}]},{\"@type\":\"WebSite\",\"@id\":\"https:\\\/\\\/v-o-c.de\\\/#website\",\"url\":\"https:\\\/\\\/v-o-c.de\\\/\",\"name\":\"Verband Oberpf\u00e4lzer Ch\u00f6re\",\"description\":\"Drehscheibe f\u00fcr Vokal-Musik in der Oberpfalz\",\"publisher\":{\"@id\":\"https:\\\/\\\/v-o-c.de\\\/#organization\"},\"potentialAction\":[{\"@type\":\"SearchAction\",\"target\":{\"@type\":\"EntryPoint\",\"urlTemplate\":\"https:\\\/\\\/v-o-c.de\\\/?s={search_term_string}\"},\"query-input\":{\"@type\":\"PropertyValueSpecification\",\"valueRequired\":true,\"valueName\":\"search_term_string\"}}],\"inLanguage\":\"de\"},{\"@type\":\"Organization\",\"@id\":\"https:\\\/\\\/v-o-c.de\\\/#organization\",\"name\":\"Verband Oberpf\u00e4lzer Ch\u00f6re\",\"url\":\"https:\\\/\\\/v-o-c.de\\\/\",\"logo\":{\"@type\":\"ImageObject\",\"inLanguage\":\"de\",\"@id\":\"https:\\\/\\\/v-o-c.de\\\/#\\\/schema\\\/logo\\\/image\\\/\",\"url\":\"https:\\\/\\\/v-o-c.de\\\/wp-content\\\/uploads\\\/2023\\\/05\\\/cropped-VOC_Grafik_1080x250.jpg\",\"contentUrl\":\"https:\\\/\\\/v-o-c.de\\\/wp-content\\\/uploads\\\/2023\\\/05\\\/cropped-VOC_Grafik_1080x250.jpg\",\"width\":1080,\"height\":249,\"caption\":\"Verband Oberpf\u00e4lzer Ch\u00f6re\"},\"image\":{\"@id\":\"https:\\\/\\\/v-o-c.de\\\/#\\\/schema\\\/logo\\\/image\\\/\"}},{\"@type\":\"Person\",\"@id\":\"https:\\\/\\\/v-o-c.de\\\/#\\\/schema\\\/person\\\/a04b1073d004b38a8d71d0d8a47f6062\",\"name\":\"Jens Falck\",\"image\":{\"@type\":\"ImageObject\",\"inLanguage\":\"de\",\"@id\":\"https:\\\/\\\/secure.gravatar.com\\\/avatar\\\/e0ea42c23e81c4900f5f30710c3263701e00c79fd1f673408c844aa69e634e0b?s=96&d=mm&r=g\",\"url\":\"https:\\\/\\\/secure.gravatar.com\\\/avatar\\\/e0ea42c23e81c4900f5f30710c3263701e00c79fd1f673408c844aa69e634e0b?s=96&d=mm&r=g\",\"contentUrl\":\"https:\\\/\\\/secure.gravatar.com\\\/avatar\\\/e0ea42c23e81c4900f5f30710c3263701e00c79fd1f673408c844aa69e634e0b?s=96&d=mm&r=g\",\"caption\":\"Jens Falck\"},\"sameAs\":[\"https:\\\/\\\/v-o-c.de\"],\"url\":\"https:\\\/\\\/v-o-c.de\\\/index.php\\\/author\\\/vocwpadmin\\\/\"}]}<\/script>\n<!-- \/ Yoast SEO plugin. -->","yoast_head_json":{"title":"Chorfest des Bayerischen S\u00e4ngerbunds - Verband Oberpf\u00e4lzer Ch\u00f6re","robots":{"index":"index","follow":"follow","max-snippet":"max-snippet:-1","max-image-preview":"max-image-preview:large","max-video-preview":"max-video-preview:-1"},"canonical":"https:\/\/v-o-c.de\/index.php\/2026\/04\/28\/chorfest-des-bayerischen-saengerbunds\/","og_locale":"de_DE","og_type":"article","og_title":"Chorfest des Bayerischen S\u00e4ngerbunds - Verband Oberpf\u00e4lzer Ch\u00f6re","og_description":"Vom 12. &#8211; 14. Juni setzt der Bayerische S\u00e4ngerbund seine Tradition der Chorfeste fort. Zentraler Tag ist dabei der&nbsp;Samstag, 13. Juni. An diesem Tag verwandeln [...]","og_url":"https:\/\/v-o-c.de\/index.php\/2026\/04\/28\/chorfest-des-bayerischen-saengerbunds\/","og_site_name":"Verband Oberpf\u00e4lzer Ch\u00f6re","article_published_time":"2026-04-27T22:51:04+00:00","article_modified_time":"2026-04-28T19:46:02+00:00","og_image":[{"width":724,"height":499,"url":"https:\/\/v-o-c.de\/wp-content\/uploads\/2026\/04\/bsb-chorfest.jpg","type":"image\/jpeg"}],"author":"Jens Falck","twitter_card":"summary_large_image","twitter_misc":{"Verfasst von":"Jens Falck","Gesch\u00e4tzte Lesezeit":"2\u00a0Minuten"},"schema":{"@context":"https:\/\/schema.org","@graph":[{"@type":"Article","@id":"https:\/\/v-o-c.de\/index.php\/2026\/04\/28\/chorfest-des-bayerischen-saengerbunds\/#article","isPartOf":{"@id":"https:\/\/v-o-c.de\/index.php\/2026\/04\/28\/chorfest-des-bayerischen-saengerbunds\/"},"author":{"name":"Jens Falck","@id":"https:\/\/v-o-c.de\/#\/schema\/person\/a04b1073d004b38a8d71d0d8a47f6062"},"headline":"Chorfest des Bayerischen S\u00e4ngerbunds","datePublished":"2026-04-27T22:51:04+00:00","dateModified":"2026-04-28T19:46:02+00:00","mainEntityOfPage":{"@id":"https:\/\/v-o-c.de\/index.php\/2026\/04\/28\/chorfest-des-bayerischen-saengerbunds\/"},"wordCount":191,"publisher":{"@id":"https:\/\/v-o-c.de\/#organization"},"image":{"@id":"https:\/\/v-o-c.de\/index.php\/2026\/04\/28\/chorfest-des-bayerischen-saengerbunds\/#primaryimage"},"thumbnailUrl":"https:\/\/v-o-c.de\/wp-content\/uploads\/2026\/04\/bsb-chorfest.jpg","keywords":["CHorfest Regensburg","Gesang","OstBahnGroove","Regensburg","Regensburger Domspatzen","singen","Singer Pur","Verband Oberpf\u00e4lzer Ch\u00f6re","Vokal"],"articleSection":["k_startseite","k_szenenews"],"inLanguage":"de"},{"@type":"WebPage","@id":"https:\/\/v-o-c.de\/index.php\/2026\/04\/28\/chorfest-des-bayerischen-saengerbunds\/","url":"https:\/\/v-o-c.de\/index.php\/2026\/04\/28\/chorfest-des-bayerischen-saengerbunds\/","name":"Chorfest des Bayerischen S\u00e4ngerbunds - Verband Oberpf\u00e4lzer Ch\u00f6re","isPartOf":{"@id":"https:\/\/v-o-c.de\/#website"},"primaryImageOfPage":{"@id":"https:\/\/v-o-c.de\/index.php\/2026\/04\/28\/chorfest-des-bayerischen-saengerbunds\/#primaryimage"},"image":{"@id":"https:\/\/v-o-c.de\/index.php\/2026\/04\/28\/chorfest-des-bayerischen-saengerbunds\/#primaryimage"},"thumbnailUrl":"https:\/\/v-o-c.de\/wp-content\/uploads\/2026\/04\/bsb-chorfest.jpg","datePublished":"2026-04-27T22:51:04+00:00","dateModified":"2026-04-28T19:46:02+00:00","breadcrumb":{"@id":"https:\/\/v-o-c.de\/index.php\/2026\/04\/28\/chorfest-des-bayerischen-saengerbunds\/#breadcrumb"},"inLanguage":"de","potentialAction":[{"@type":"ReadAction","target":["https:\/\/v-o-c.de\/index.php\/2026\/04\/28\/chorfest-des-bayerischen-saengerbunds\/"]}]},{"@type":"ImageObject","inLanguage":"de","@id":"https:\/\/v-o-c.de\/index.php\/2026\/04\/28\/chorfest-des-bayerischen-saengerbunds\/#primaryimage","url":"https:\/\/v-o-c.de\/wp-content\/uploads\/2026\/04\/bsb-chorfest.jpg","contentUrl":"https:\/\/v-o-c.de\/wp-content\/uploads\/2026\/04\/bsb-chorfest.jpg","width":724,"height":499},{"@type":"BreadcrumbList","@id":"https:\/\/v-o-c.de\/index.php\/2026\/04\/28\/chorfest-des-bayerischen-saengerbunds\/#breadcrumb","itemListElement":[{"@type":"ListItem","position":1,"name":"Startseite","item":"https:\/\/v-o-c.de\/"},{"@type":"ListItem","position":2,"name":"Chorfest des Bayerischen S\u00e4ngerbunds"}]},{"@type":"WebSite","@id":"https:\/\/v-o-c.de\/#website","url":"https:\/\/v-o-c.de\/","name":"Verband Oberpf\u00e4lzer Ch\u00f6re","description":"Drehscheibe f\u00fcr Vokal-Musik in der Oberpfalz","publisher":{"@id":"https:\/\/v-o-c.de\/#organization"},"potentialAction":[{"@type":"SearchAction","target":{"@type":"EntryPoint","urlTemplate":"https:\/\/v-o-c.de\/?s={search_term_string}"},"query-input":{"@type":"PropertyValueSpecification","valueRequired":true,"valueName":"search_term_string"}}],"inLanguage":"de"},{"@type":"Organization","@id":"https:\/\/v-o-c.de\/#organization","name":"Verband Oberpf\u00e4lzer Ch\u00f6re","url":"https:\/\/v-o-c.de\/","logo":{"@type":"ImageObject","inLanguage":"de","@id":"https:\/\/v-o-c.de\/#\/schema\/logo\/image\/","url":"https:\/\/v-o-c.de\/wp-content\/uploads\/2023\/05\/cropped-VOC_Grafik_1080x250.jpg","contentUrl":"https:\/\/v-o-c.de\/wp-content\/uploads\/2023\/05\/cropped-VOC_Grafik_1080x250.jpg","width":1080,"height":249,"caption":"Verband Oberpf\u00e4lzer Ch\u00f6re"},"image":{"@id":"https:\/\/v-o-c.de\/#\/schema\/logo\/image\/"}},{"@type":"Person","@id":"https:\/\/v-o-c.de\/#\/schema\/person\/a04b1073d004b38a8d71d0d8a47f6062","name":"Jens Falck","image":{"@type":"ImageObject","inLanguage":"de","@id":"https:\/\/secure.gravatar.com\/avatar\/e0ea42c23e81c4900f5f30710c3263701e00c79fd1f673408c844aa69e634e0b?s=96&d=mm&r=g","url":"https:\/\/secure.gravatar.com\/avatar\/e0ea42c23e81c4900f5f30710c3263701e00c79fd1f673408c844aa69e634e0b?s=96&d=mm&r=g","contentUrl":"https:\/\/secure.gravatar.com\/avatar\/e0ea42c23e81c4900f5f30710c3263701e00c79fd1f673408c844aa69e634e0b?s=96&d=mm&r=g","caption":"Jens Falck"},"sameAs":["https:\/\/v-o-c.de"],"url":"https:\/\/v-o-c.de\/index.php\/author\/vocwpadmin\/"}]}},"publishpress_future_action":{"enabled":false,"date":"2026-05-07 10:40:40","action":"change-status","newStatus":"draft","terms":[],"taxonomy":"category","extraData":[]},"publishpress_future_workflow_manual_trigger":{"enabledWorkflows":[]},"ticketed":false,"_links":{"self":[{"href":"https:\/\/v-o-c.de\/index.php\/wp-json\/wp\/v2\/posts\/3455","targetHints":{"allow":["GET"]}}],"collection":[{"href":"https:\/\/v-o-c.de\/index.php\/wp-json\/wp\/v2\/posts"}],"about":[{"href":"https:\/\/v-o-c.de\/index.php\/wp-json\/wp\/v2\/types\/post"}],"author":[{"embeddable":true,"href":"https:\/\/v-o-c.de\/index.php\/wp-json\/wp\/v2\/users\/2"}],"replies":[{"embeddable":true,"href":"https:\/\/v-o-c.de\/index.php\/wp-json\/wp\/v2\/comments?post=3455"}],"version-history":[{"count":7,"href":"https:\/\/v-o-c.de\/index.php\/wp-json\/wp\/v2\/posts\/3455\/revisions"}],"predecessor-version":[{"id":3482,"href":"https:\/\/v-o-c.de\/index.php\/wp-json\/wp\/v2\/posts\/3455\/revisions\/3482"}],"wp:featuredmedia":[{"embeddable":true,"href":"https:\/\/v-o-c.de\/index.php\/wp-json\/wp\/v2\/media\/3456"}],"wp:attachment":[{"href":"https:\/\/v-o-c.de\/index.php\/wp-json\/wp\/v2\/media?parent=3455"}],"wp:term":[{"taxonomy":"category","embeddable":true,"href":"https:\/\/v-o-c.de\/index.php\/wp-json\/wp\/v2\/categories?post=3455"},{"taxonomy":"post_tag","embeddable":true,"href":"https:\/\/v-o-c.de\/index.php\/wp-json\/wp\/v2\/tags?post=3455"}],"curies":[{"name":"wp","href":"https:\/\/api.w.org\/{rel}","templated":true}]}}